{"id":120,"date":"2023-04-11T11:14:18","date_gmt":"2023-04-11T11:14:18","guid":{"rendered":"https:\/\/gazelle-blog.pondigital.solutions\/sv-se\/?p=120"},"modified":"2024-04-29T10:07:43","modified_gmt":"2024-04-29T10:07:43","slug":"cykla-i-morkret","status":"publish","type":"post","link":"https:\/\/gazelle-blog.pondigital.solutions\/sv-se\/cykla-i-morkret","title":{"rendered":"Cykla i m\u00f6rkret"},"content":{"rendered":"\n<h2 class=\"wp-block-heading\">Varf\u00f6r f\u00f6rsiktighet \u00e4r s\u00e5 viktigt i m\u00f6rkret<\/h2>\n\n\n\n<p>Att cykla i m\u00f6rkret kan vara mycket farligt, s\u00e4rskilt p\u00e5 v\u00e4gar med d\u00e5lig belysning. I m\u00f6rkret kan det vara sv\u00e5rt att avg\u00f6ra vilket skick v\u00e4gen \u00e4r i, och om det finns gropar eller stora vattenp\u00f6lar. Om det dessutom regnar blir sikten \u00e4nnu s\u00e4mre. Under s\u00e5dana f\u00f6rh\u00e5llanden \u00e4r det bra att cykla l\u00e5ngsammare, s\u00e5 att du kan se v\u00e4gstr\u00e4ckningen b\u00e4ttre. Eftersom bromsstr\u00e4ckan ocks\u00e5 blir kortare i v\u00e5ta f\u00f6rh\u00e5llanden ska bromsarna alltid vara fullt funktionsdugliga.<\/p>\n\n\n\n<p>S\u00e4rskilt utanf\u00f6r t\u00e4torter, p\u00e5 svagt upplysta cykelbanor och p\u00e5 landsv\u00e4gar kan sikten bli starkt begr\u00e4nsad, s\u00e5 att du bara med stor sv\u00e5righet kan se v\u00e4gen framf\u00f6r dig. Dessutom \u00e4r det sv\u00e5rare f\u00f6r andra trafikanter att uppt\u00e4cka dig p\u00e5 m\u00f6rka v\u00e4gar. Till exempel kan bilf\u00f6rare komma f\u00f6r n\u00e4ra eftersom de uppt\u00e4cker dig i sista sekunden, och det kan vara mycket riskabelt.<\/p>\n\n\n\n<h2 class=\"wp-block-heading\">Att b\u00e5de se och synas<\/h2>\n\n\n\n<p>F\u00f6r att undvika riskerna som n\u00e4mns ovan kan du f\u00f6lja dessa tips:<\/p>\n\n\n\n<ul class=\"wp-block-list\">\n<li>Se till att ha bra cykelbelysning. I stan r\u00e4cker det ofta med 20 lux, eftersom du omges av gatubelysning och indirekt ljus. P\u00e5 m\u00f6rka v\u00e4gar rekommenderar vi belysning p\u00e5 50 lux.&nbsp;<\/li>\n\n\n\n<li>S\u00e4tt p\u00e5 reflexer. Ju fler, desto b\u00e4ttre. Det m\u00e5ste minst vara en reflex fram och en bak p\u00e5 cykeln (detta \u00e4r ocks\u00e5 ett lagkrav) samt reflexer p\u00e5 ekrarna och pedalerna.<\/li>\n\n\n\n<li>B\u00e4r kl\u00e4der som syns bra. S\u00e4rskilt i m\u00f6rkret ska du undvika svart eller andra m\u00f6rka f\u00e4rger. Anv\u00e4nd reflexer \u00e4ven p\u00e5 kl\u00e4derna, till exempel p\u00e5 byxbenen. Med en reflexv\u00e4st blir du ocks\u00e5 mycket synligare.<\/li>\n\n\n\n<li>Ha ett fulladdat <a href=\"https:\/\/www.gazellebikes.com\/sv-se\/radgivning\/elcyklar\/batteri\" rel=\"noopener\">batteri<\/a>. Kontrollera att elcykelns batteri \u00e4r tillr\u00e4ckligt laddat innan du ger dig av, s\u00e5 att du inte blir st\u00e5ende i m\u00f6rkret.<\/li>\n\n\n\n<li>L\u00e4gg undan telefonen. L\u00e5t inte telefonen distrahera dig medan du cyklar. Om den ringer ska du bara stanna p\u00e5 s\u00e4kra platser, d\u00e4r du kan prata i lugn och ro.<\/li>\n\n\n\n<li>Cykla inte ensam. Du kanske har kollegor som f\u00e4rdas samma v\u00e4g? D\u00e5 \u00e4r det b\u00e4ttre att cykla tillsammans. Dels \u00e4r det roligare, och dels \u00e4r det s\u00e4krare.<\/li>\n\n\n\n<li>V\u00e4lj v\u00e4gar med god belysning. Om du kan undvika de m\u00f6rkaste gatorna och cykelbanorna genom att v\u00e4lja en annan rutt ska du g\u00f6ra det. Det \u00e4r definitivt v\u00e4rt n\u00e5gra kilometer extra \u2013 och p\u00e5 din elcykel m\u00e4rker du det knappt.<\/li>\n\n\n\n<li>S\u00e4nk hastigheten (s\u00e4rskilt om du har en snabb elcykel. Finns \u00e4nnu inte tillg\u00e4ngligt i Sverige). Eftersom en snabb elcykel kan f\u00e4rdas i upp till 45 km\/h rekommenderar vi att du v\u00e4xlar ner i m\u00f6rkret, s\u00e5 att du i tid kan uppt\u00e4cka eventuella hinder p\u00e5 v\u00e4gen.<\/li>\n\n\n\n<li>Cykelhj\u00e4lm med inbyggd baklykta. Vi rekommenderar starkt att alltid anv\u00e4nda cykelhj\u00e4lm, och s\u00e4rskilt i m\u00f6rkret. Vissa hj\u00e4lmar har till och med en inbyggd baklykta. S\u00e5dana rekommenderar vi lite extra!<\/li>\n<\/ul>\n\n\n\n<figure class=\"wp-block-image size-large is-resized\"><img loading=\"lazy\" decoding=\"async\" src=\"https:\/\/gazelle-blog.pondigital.solutions\/fr-fr\/wp-content\/uploads\/sites\/3\/2018\/07\/Cityzen-Homme-a-velo-1024x683.jpg\" alt=\"Cykla i m\u00f6rkret\" class=\"wp-image-87\" width=\"697\" height=\"465\" \/><\/figure>\n\n\n\n<h2 class=\"wp-block-heading\">N\u00e4r beh\u00f6ver jag t\u00e4nda cykelbelysningen?<\/h2>\n\n\n\n<p>Under dagen, d\u00e5 solen skiner och sikten inte \u00e4r begr\u00e4nsad, f\u00e5r man i Sverige cykla utan cykellyse eller med avst\u00e4ngt lyse. S\u00e5 snart det blir m\u00f6rkt, b\u00f6rjar skymma eller om siktf\u00f6rh\u00e5llandena f\u00f6r\u00e4ndras p\u00e5 grund av till exempel dimma eller regn ska du genast t\u00e4nda belysningen.<\/p>\n\n\n\n<p>Om dina cykellysen inte fungerar eller om du inte har dina avtagbara cykellysen med dig m\u00e5ste du leda cykeln under de f\u00f6rh\u00e5llanden som beskrivs ovan.<\/p>\n\n\n\n<p>Detta g\u00e4ller \u00f6verallt: i stan, p\u00e5 landet och f\u00f6r alla typer av cyklar \u2013 till exempel elcyklar, elstadscyklar och snabba elcyklar.<\/p>\n\n\n\n<p>F\u00f6r att cykla s\u00e4kert och lagligt i m\u00f6rkret m\u00e5ste du ha godk\u00e4nda cykellysen. Det inneb\u00e4r att du m\u00e5ste ha (minst) en fram\u00e5triktad str\u00e5lkastare med vitt eller gult ljus. Dessutom m\u00e5ste du ha en baklykta med r\u00f6tt ljus, som inte sitter l\u00e4gre \u00e4n 25 cm \u00f6ver v\u00e4gbanan. I Sverige kr\u00e4vs \u00e4ven en vit reflex framtill och en r\u00f6d reflex baktill p\u00e5 cykeln. \u00c4ven om reflexer p\u00e5 ekrarna inte \u00e4r n\u00e5got krav \u00f6kar de s\u00e4kerheten ytterligare.<\/p>\n\n\n\n<p><strong>Bra att veta<\/strong>: cykellysen beh\u00f6ver inte drivas av en dynamo \u2013 \u00e4ven batterier \u00e4r till\u00e5tna.<\/p>\n\n\n\n<h2 class=\"wp-block-heading\">\u00c4r det olagligt att cykla utan belysning?<\/h2>\n\n\n\n<p>Ja, att cykla utan belysning kan vara olagligt. I Sverige \u00e4r belysning i trafiken ett lagkrav, och d\u00e4rf\u00f6r m\u00e5ste du t\u00e4nda cykellysena n\u00e4r det \u00e4r m\u00f6rkt och om sikten \u00e4r d\u00e5lig.<\/p>\n\n\n\n<p>B\u00f6tesbeloppet beror p\u00e5 omst\u00e4ndigheterna. F\u00f6ljande scenarion kan f\u00f6rekomma:<\/p>\n\n\n\n<p>Lyse fram eller bak saknas: 500 kronor i b\u00f6ter.<\/p>\n\n\n\n<p>Reflex saknas: 500 kronor i b\u00f6ter.<\/p>\n\n\n\n<p>Fungerade belysning finns p\u00e5 cykeln men anv\u00e4nds inte: 500 kronor i b\u00f6ter.<\/p>\n\n\n\n<p>Lyse fram och bak samt reflexer saknas: 1&nbsp;000 kronor i b\u00f6ter.<\/p>\n\n\n\n<p>\u00c4ven om dessa b\u00f6tesbelopp \u00e4r relativt l\u00e5ga rekommenderar vi starkt att du alltid cyklar med belysning n\u00e4r s\u00e5 beh\u00f6vs. Du vill ju faktiskt inte uts\u00e4tta dig sj\u00e4lv eller andra trafikanter f\u00f6r fara. Olyckor ska till varje pris undvikas! D\u00e4rf\u00f6r ska du regelbundet kontrollera din cykel och dina cykellysen, eller ta cykeln till en verkstad f\u00f6r \u00f6versyn.<\/p>\n\n\n\n<figure class=\"wp-block-image size-large is-resized\"><img loading=\"lazy\" decoding=\"async\" src=\"https:\/\/gazelle-blog.pondigital.solutions\/fr-fr\/wp-content\/uploads\/sites\/3\/2018\/06\/AmiC8HMSjeans17_fenan-1024x682.jpg\" alt=\"Cykla i m\u00f6rkret\" class=\"wp-image-70\" width=\"627\" height=\"417\" \/><\/figure>\n\n\n\n<p>Vill du uppgradera dina cykellysen, eller f\u00e5 dem kontrollerade av en expert? <a href=\"https:\/\/www.gazellebikes.com\/sv-se\/cykelbutik\" rel=\"noopener\">D\u00e5 kan du bes\u00f6ka n\u00e5gon av v\u00e5ra \u00e5terf\u00f6rs\u00e4ljare i ditt omr\u00e5de<\/a>. Butikspersonalen kommer att ta sig tid med att besvara dina fr\u00e5gor och kolla din cykel eller elcykel. I butiken kan du ocks\u00e5 f\u00e5 hj\u00e4lp med att hitta bra reflexer, till exempel f\u00f6r ekrarna.<\/p>\n","protected":false},"excerpt":{"rendered":"<p>Varf\u00f6r f\u00f6rsiktighet \u00e4r s\u00e5 viktigt i m\u00f6rkret Att cykla i m\u00f6rkret kan vara mycket farligt, s\u00e4rskilt p\u00e5 v\u00e4gar med d\u00e5lig belysning. I m\u00f6rkret kan det vara sv\u00e5rt att avg\u00f6ra vilket skick v\u00e4gen \u00e4r i, och om det finns gropar eller stora vattenp\u00f6lar. Om det dessutom regnar blir sikten \u00e4nnu s\u00e4mre. Under s\u00e5dana f\u00f6rh\u00e5llanden \u00e4r det [&hellip;]<\/p>\n","protected":false},"author":1,"featured_media":121,"comment_status":"open","ping_status":"open","sticky":false,"template":"","format":"standard","meta":{"_acf_changed":false,"footnotes":""},"categories":[6],"tags":[],"class_list":["post-120","post","type-post","status-publish","format-standard","has-post-thumbnail","hentry","category-elcyklar"],"acf":[],"_links":{"self":[{"href":"https:\/\/gazelle-blog.pondigital.solutions\/sv-se\/wp-json\/wp\/v2\/posts\/120","targetHints":{"allow":["GET"]}}],"collection":[{"href":"https:\/\/gazelle-blog.pondigital.solutions\/sv-se\/wp-json\/wp\/v2\/posts"}],"about":[{"href":"https:\/\/gazelle-blog.pondigital.solutions\/sv-se\/wp-json\/wp\/v2\/types\/post"}],"author":[{"embeddable":true,"href":"https:\/\/gazelle-blog.pondigital.solutions\/sv-se\/wp-json\/wp\/v2\/users\/1"}],"replies":[{"embeddable":true,"href":"https:\/\/gazelle-blog.pondigital.solutions\/sv-se\/wp-json\/wp\/v2\/comments?post=120"}],"version-history":[{"count":1,"href":"https:\/\/gazelle-blog.pondigital.solutions\/sv-se\/wp-json\/wp\/v2\/posts\/120\/revisions"}],"predecessor-version":[{"id":122,"href":"https:\/\/gazelle-blog.pondigital.solutions\/sv-se\/wp-json\/wp\/v2\/posts\/120\/revisions\/122"}],"wp:featuredmedia":[{"embeddable":true,"href":"https:\/\/gazelle-blog.pondigital.solutions\/sv-se\/wp-json\/wp\/v2\/media\/121"}],"wp:attachment":[{"href":"https:\/\/gazelle-blog.pondigital.solutions\/sv-se\/wp-json\/wp\/v2\/media?parent=120"}],"wp:term":[{"taxonomy":"category","embeddable":true,"href":"https:\/\/gazelle-blog.pondigital.solutions\/sv-se\/wp-json\/wp\/v2\/categories?post=120"},{"taxonomy":"post_tag","embeddable":true,"href":"https:\/\/gazelle-blog.pondigital.solutions\/sv-se\/wp-json\/wp\/v2\/tags?post=120"}],"curies":[{"name":"wp","href":"https:\/\/api.w.org\/{rel}","templated":true}]}}